{"id":3839,"global_id":"pritjvalita.dk\/es\/?id=3839","global_id_lineage":["pritjvalita.dk\/es\/?id=3839"],"author":"1","status":"publish","date":"2025-10-28 12:17:57","date_utc":"2025-10-28 11:17:57","modified":"2025-12-16 15:39:41","modified_utc":"2025-12-16 14:39:41","url":"https:\/\/pritjvalita.dk\/es\/event\/clase-abierta-el-mismo-dia\/","rest_url":"https:\/\/pritjvalita.dk\/es\/wp-json\/tribe\/events\/v1\/events\/3839","title":"Clase abierta: tema del d\u00eda","description":"<div  class=\"tribe-events-schedule tribe-clearfix\" >\n\t<p class=\"tribe-events-schedule__datetime\">\n\t\t<span class=\"tribe-events-schedule__date tribe-events-schedule__date--start\">\n\t\t\t\t\t<\/span>\n\n\t\t\t\t\t<span class=\"tribe-events-schedule__separator tribe-events-schedule__separator--date\">\n\t\t\t\t @ \t\t\t<\/span>\n\t\t\t<span class=\"tribe-events-schedule__time tribe-events-schedule__time--start\">\n\t\t\t\t\t\t\t<\/span>\n\t\t\n\t\t\t<\/p>\n<\/div>\n\n<p>Le invitamos a unirse a esta clase abierta. Comenzamos compartiendo y recibiendo orientaci\u00f3n. Esto a menudo conduce a un tema que exploramos a trav\u00e9s de la meditaci\u00f3n.  <\/p>\n\n<p>Traiga sus preguntas sobre la vida y su pr\u00e1ctica.<\/p>\n\n<div class=\"wp-block-group\"><div class=\"wp-block-group__inner-container is-layout-constrained wp-block-group-is-layout-constrained\">\n<div class=\"wp-block-group pj-cta has-border-color has-black-border-color has-theme-palette-8-background-color has-background\" style=\"border-width:1px;border-radius:12px;margin-top:10px;margin-bottom:10px;padding-top:18px;padding-right:18px;padding-bottom:18px;padding-left:18px\"><div class=\"wp-block-group__inner-container is-layout-flow wp-block-group-is-layout-flow\">\n<h4 class=\"wp-block-heading\">Unirse en directo<\/h4>\n\n\n<div  class=\"tribe-events-schedule tribe-clearfix\" >\n\t<p class=\"tribe-events-schedule__datetime\">\n\t\t<span class=\"tribe-events-schedule__date tribe-events-schedule__date--start\">\n\t\t\t\t\t<\/span>\n\n\t\t\t\t\t<span class=\"tribe-events-schedule__separator tribe-events-schedule__separator--date\">\n\t\t\t\t @ \t\t\t<\/span>\n\t\t\t<span class=\"tribe-events-schedule__time tribe-events-schedule__time--start\">\n\t\t\t\t\t\t\t<\/span>\n\t\t\n\t\t\t<\/p>\n<\/div>\n\n\n\n<p>Todo el mundo es bienvenido. Estas clases forman parte de la secci\u00f3n de mi ense\u00f1anza basada en donaciones.<\/p>\n\n\n\n<div class=\"wp-block-buttons is-content-justification-left is-layout-flex wp-container-core-buttons-is-layout-fdcfc74e wp-block-buttons-is-layout-flex\">\n<div class=\"wp-block-button\"><a class=\"wp-block-button__link has-text-align-center wp-element-button\" href=\"http:\/\/pritjvalita.dk\/live\/\">Unirse en directo<\/a><\/div>\n<\/div>\n\n\n\n<p class=\"has-small-font-size\">Consejo: Guarde este enlace. Todas las clases abiertas de los martes y esta serie utilizan la misma sala en directo: <a href=\"\/live\">pritjvalita.dk\/live<\/a>.<br\/>\u00danase 2-3 minutos antes para que podamos empezar a tiempo.<\/p>\n\n\n\n<p>Si desea apoyar este trabajo, puede donar <a href=\"https:\/\/pritjvalita.dk\/es\/donacion\/\" data-type=\"page\" data-id=\"3641\">aqu\u00ed<\/a>.<\/p>\n<\/div><\/div>\n\n\n<\/div><\/div>","excerpt":"","slug":"clase-abierta-el-mismo-dia","image":{"url":"https:\/\/pritjvalita.dk\/wp-content\/uploads\/2015\/08\/collagenotext.jpg","id":3787,"extension":"jpg","width":851,"height":315,"sizes":{"thumbnail":{"width":150,"height":150,"mime-type":"image\/jpeg","url":"https:\/\/pritjvalita.dk\/wp-content\/uploads\/2015\/08\/collagenotext-150x150.jpg"},"medium":{"width":300,"height":111,"mime-type":"image\/jpeg","url":"https:\/\/pritjvalita.dk\/wp-content\/uploads\/2015\/08\/collagenotext-300x111.jpg"}}},"all_day":false,"start_date":"2025-12-23 19:00:00","start_date_details":{"year":"2025","month":"12","day":"23","hour":"19","minutes":"00","seconds":"00"},"end_date":"2025-12-23 20:30:00","end_date_details":{"year":"2025","month":"12","day":"23","hour":"20","minutes":"30","seconds":"00"},"utc_start_date":"2025-12-23 18:00:00","utc_start_date_details":{"year":"2025","month":"12","day":"23","hour":"18","minutes":"00","seconds":"00"},"utc_end_date":"2025-12-23 19:30:00","utc_end_date_details":{"year":"2025","month":"12","day":"23","hour":"19","minutes":"30","seconds":"00"},"timezone":"Europe\/Copenhagen","timezone_abbr":"","cost":"","cost_details":{"currency_symbol":"","currency_code":"","currency_position":"","values":[]},"website":"https:\/\/pritjvalita.dk\/es\/event\/clase-abierta-el-mismo-dia\/","show_map":false,"show_map_link":false,"hide_from_listings":false,"sticky":false,"featured":false,"categories":[],"tags":[],"venue":[],"organizer":[],"custom_fields":[],"json_ld":{"@context":"http:\/\/schema.org","@type":"Event","name":"Clase abierta: tema del d\u00eda","description":"Le invitamos a unirse a esta clase abierta. Comenzamos compartiendo y recibiendo orientaci\u00f3n. Esto a menudo conduce a un tema que exploramos a trav\u00e9s de la meditaci\u00f3n. Traiga sus preguntas...","image":"https:\/\/pritjvalita.dk\/wp-content\/uploads\/2015\/08\/collagenotext.jpg","url":"https:\/\/pritjvalita.dk\/es\/event\/clase-abierta-el-mismo-dia\/","eventAttendanceMode":"https:\/\/schema.org\/OfflineEventAttendanceMode","eventStatus":"https:\/\/schema.org\/EventScheduled","startDate":"2025-12-23T19:00:00+01:00","endDate":"2025-12-23T20:30:00+01:00","performer":"Organization"},"ticketed":false}