{"id":4844,"global_id":"pritjvalita.dk\/da\/?id=4844","global_id_lineage":["pritjvalita.dk\/da\/?id=4844"],"author":"1","status":"publish","date":"2026-01-18 19:35:41","date_utc":"2026-01-18 18:35:41","modified":"2026-01-18 19:35:46","modified_utc":"2026-01-18 18:35:46","url":"https:\/\/pritjvalita.dk\/da\/event\/aaben-klasse-6\/","rest_url":"https:\/\/pritjvalita.dk\/da\/wp-json\/tribe\/events\/v1\/events\/4844","title":"\u00c5ben klasse","description":"<div  class=\"tribe-events-schedule tribe-clearfix\" >\n\t<p class=\"tribe-events-schedule__datetime\">\n\t\t<span class=\"tribe-events-schedule__date tribe-events-schedule__date--start\">\n\t\t\t\t\t<\/span>\n\n\t\t\t\t\t<span class=\"tribe-events-schedule__separator tribe-events-schedule__separator--date\">\n\t\t\t\t @ \t\t\t<\/span>\n\t\t\t<span class=\"tribe-events-schedule__time tribe-events-schedule__time--start\">\n\t\t\t\t\t\t\t<\/span>\n\t\t\n\t\t\t<\/p>\n<\/div>\n\n<p>Du er inviteret til at deltage i denne \u00e5bne klasse. Vi begynder med at dele og modtage vejledning. Dette f\u00f8rer ofte til et tema, som vi udforsker gennem meditation.  <\/p>\n\n<p>Medbring dine sp\u00f8rgsm\u00e5l om livet og din praksis.<\/p>\n\n<div class=\"wp-block-group\"><div class=\"wp-block-group__inner-container is-layout-constrained wp-block-group-is-layout-constrained\">\n<div class=\"wp-block-group pj-cta has-border-color has-black-border-color has-theme-palette-8-background-color has-background\" style=\"border-width:1px;border-radius:12px;margin-top:10px;margin-bottom:10px;padding-top:18px;padding-right:18px;padding-bottom:18px;padding-left:18px\"><div class=\"wp-block-group__inner-container is-layout-flow wp-block-group-is-layout-flow\">\n<h4 class=\"wp-block-heading\">Deltag live<\/h4>\n\n\n<div  class=\"tribe-events-schedule tribe-clearfix\" >\n\t<p class=\"tribe-events-schedule__datetime\">\n\t\t<span class=\"tribe-events-schedule__date tribe-events-schedule__date--start\">\n\t\t\t\t\t<\/span>\n\n\t\t\t\t\t<span class=\"tribe-events-schedule__separator tribe-events-schedule__separator--date\">\n\t\t\t\t @ \t\t\t<\/span>\n\t\t\t<span class=\"tribe-events-schedule__time tribe-events-schedule__time--start\">\n\t\t\t\t\t\t\t<\/span>\n\t\t\n\t\t\t<\/p>\n<\/div>\n\n\n\n<p>Alle er velkomne. Disse klasser er en del af den donationsbaserede del af min undervisning.<\/p>\n\n\n\n<div class=\"wp-block-buttons is-content-justification-left is-layout-flex wp-container-core-buttons-is-layout-fdcfc74e wp-block-buttons-is-layout-flex\">\n<div class=\"wp-block-button\"><a class=\"wp-block-button__link has-text-align-center wp-element-button\" href=\"http:\/\/pritjvalita.dk\/live\/\">Deltag live<\/a><\/div>\n<\/div>\n\n\n\n<p class=\"has-small-font-size\">Tip: Gem dette link. Alle tirsdags \u00e5bne klasser og denne serie bruger det samme live-rum: <a href=\"\/live\">pritjvalita.dk\/live<\/a>.<br\/>V\u00e6r venlig at deltage 2-3 minutter f\u00f8r, s\u00e5 vi kan begynde til tiden.<\/p>\n\n\n\n<p>Hvis De \u00f8nsker at st\u00f8tte dette arbejde, kan De donere <a href=\"https:\/\/pritjvalita.dk\/da\/donation\/\" data-type=\"page\" data-id=\"3641\">her<\/a>.<\/p>\n<\/div><\/div>\n\n\n<\/div><\/div>","excerpt":"","slug":"aaben-klasse-6","image":{"url":"https:\/\/pritjvalita.dk\/wp-content\/uploads\/2015\/08\/collagenotext.jpg","id":3790,"extension":"jpg","width":851,"height":315,"sizes":{"thumbnail":{"width":150,"height":150,"mime-type":"image\/jpeg","url":"https:\/\/pritjvalita.dk\/wp-content\/uploads\/2015\/08\/collagenotext-150x150.jpg"},"medium":{"width":300,"height":111,"mime-type":"image\/jpeg","url":"https:\/\/pritjvalita.dk\/wp-content\/uploads\/2015\/08\/collagenotext-300x111.jpg"}}},"all_day":false,"start_date":"2026-03-10 19:00:00","start_date_details":{"year":"2026","month":"03","day":"10","hour":"19","minutes":"00","seconds":"00"},"end_date":"2026-03-10 20:30:00","end_date_details":{"year":"2026","month":"03","day":"10","hour":"20","minutes":"30","seconds":"00"},"utc_start_date":"2026-03-10 18:00:00","utc_start_date_details":{"year":"2026","month":"03","day":"10","hour":"18","minutes":"00","seconds":"00"},"utc_end_date":"2026-03-10 19:30:00","utc_end_date_details":{"year":"2026","month":"03","day":"10","hour":"19","minutes":"30","seconds":"00"},"timezone":"Europe\/Copenhagen","timezone_abbr":"","cost":"","cost_details":{"currency_symbol":"","currency_code":"","currency_position":"","values":[]},"website":"https:\/\/pritjvalita.dk\/da\/event\/aaben-klasse-6\/","show_map":false,"show_map_link":false,"hide_from_listings":false,"sticky":false,"featured":false,"categories":[{"name":"\u00c5ben klasse","slug":"aben-klasse","term_group":0,"term_taxonomy_id":72,"taxonomy":"tribe_events_cat","description":"","parent":0,"count":22,"filter":"raw","id":72,"urls":{"self":"https:\/\/pritjvalita.dk\/da\/wp-json\/tribe\/events\/v1\/categories\/72","collection":"https:\/\/pritjvalita.dk\/da\/wp-json\/tribe\/events\/v1\/categories"}}],"tags":[],"venue":[],"organizer":[],"custom_fields":[],"json_ld":{"@context":"http:\/\/schema.org","@type":"Event","name":"\u00c5ben klasse","description":"Du er inviteret til at deltage i denne \u00e5bne klasse. Vi begynder med at dele og modtage vejledning. Dette f\u00f8rer ofte til et tema, som vi udforsker gennem meditation. Medbring...","image":"https:\/\/pritjvalita.dk\/wp-content\/uploads\/2015\/08\/collagenotext.jpg","url":"https:\/\/pritjvalita.dk\/da\/event\/aaben-klasse-6\/","eventAttendanceMode":"https:\/\/schema.org\/OfflineEventAttendanceMode","eventStatus":"https:\/\/schema.org\/EventScheduled","startDate":"2026-03-10T19:00:00+01:00","endDate":"2026-03-10T20:30:00+01:00","performer":"Organization"},"ticketed":false}